{"id":3533,"date":"2026-03-06T17:35:39","date_gmt":"2026-03-06T17:35:39","guid":{"rendered":"https:\/\/lepanierdeleontine.fr\/accueil\/?p=3533"},"modified":"2026-03-06T17:44:34","modified_gmt":"2026-03-06T17:44:34","slug":"infos-mars-2026","status":"publish","type":"post","link":"https:\/\/lepanierdeleontine.fr\/accueil\/infos-mars-2026\/","title":{"rendered":"Infos Mars 2026"},"content":{"rendered":"\n<p><mark style=\"background-color:rgba(0, 0, 0, 0);color:#67ac2d\" class=\"has-inline-color\"><strong>Deuxi\u00e8me caisse: <\/strong><\/mark>Le nouveau logiciel nous permet en cas d\u2019affluence d\u2019ouvrir <mark style=\"background-color:rgba(0, 0, 0, 0);color:#67ac2d\" class=\"has-inline-color\"><strong>une 2<sup>\u00e8me<\/sup> caisse<\/strong><\/mark>, paiement uniquement par CB.<\/p>\n\n\n\n<p><mark style=\"background-color:rgba(0, 0, 0, 0);color:#67ac2d\" class=\"has-inline-color\"><strong>Animations&nbsp;<\/strong><\/mark> pendant les ouvertures<\/p>\n\n\n\n<p>&#8211; Jeudi 12 et vendredi 13: <mark style=\"background-color:rgba(0, 0, 0, 0);color:#67ac2d\" class=\"has-inline-color\"><strong> le mal de dos&nbsp;:<\/strong><\/mark> quelques explications ou rappels pour m\u00e9nager mon dos, le &nbsp;soulager quand je le maltraite.<\/p>\n\n\n\n<p>&#8211; Jeudi 19 et vendredi 20: <mark style=\"background-color:rgba(0, 0, 0, 0);color:#67ac2d\" class=\"has-inline-color\"><strong>un peu de po\u00e9sie\u00a0 dans le cadre du printemps des po\u00e8tes.<\/strong><\/mark> Sur Villefontaine de nombreuses propositions seront faites du 11 au 28 mars sur le th\u00e8me de la libert\u00e9, programme aupr\u00e8s de <a href=\"https:\/\/lacavelitteraire.fr\/\">la Cave Litt\u00e9raire<\/a><\/p>\n\n\n\n<p><mark style=\"background-color:rgba(0, 0, 0, 0);color:#67ac2d\" class=\"has-inline-color\"><strong>Culture mara\u00eech\u00e8re&nbsp;:<\/strong><\/mark> La saison red\u00e9marre, contact&nbsp;: Elisabeth Bourdon 0614138176<\/p>\n\n\n\n<ul class=\"wp-block-list\">\n<li><strong>Lundi 09\/03<\/strong>&nbsp;&#8211;<strong>&nbsp;10h30 &#8211; 14h30&nbsp;<\/strong>Pour les b\u00e9n\u00e9voles de l&rsquo;action de mara\u00eechage solidaire : Bilan de l&rsquo;action 2025 h\u00e9berg\u00e9 par le jardin collectif \u00ab\u00a0Paill&rsquo;Terre de Bourgoin Jallieu\u00a0\u00bb (Impasse de la Maison Blanche) &#8211; Des covoiturages organis\u00e9s au d\u00e9part du jardin \u00e0 10h. Repas collectif partag\u00e9 sur place.&nbsp;<\/li>\n<\/ul>\n\n\n\n<ul class=\"wp-block-list\">\n<li><strong>Mercredi 11\/03<\/strong>&nbsp;&#8211; Semis des oignons et poireaux de l&rsquo;action mara\u00eech\u00e8re au jardin Paill&rsquo;Terre de Bourgoin-Jallieu, d\u00e9part \u00e0 9h00 du jardin ou RDV sur place \u00e0 9h30 (Impasse de la maison Blanche )<\/li>\n<\/ul>\n\n\n\n<p><mark style=\"background-color:rgba(0, 0, 0, 0);color:#67ac2d\" class=\"has-inline-color\"><strong>l\u2019 Assembl\u00e9e g\u00e9n\u00e9rale<\/strong><\/mark> de notre association \u00ab&nbsp;le Panier de L\u00e9ontine&nbsp;\u00bb aura lieu le <mark style=\"background-color:rgba(0, 0, 0, 0);color:#67ac2d\" class=\"has-inline-color\"><strong>mardi 31 mars \u00e0 Villefontaine<\/strong><\/mark>, les personnes qui sont \u00e0 jour de leur cotisation vont recevoir une convocation.<\/p>\n\n\n\n<p>Pour l\u2019\u00e9quipe de b\u00e9n\u00e9voles&nbsp;: Marie-No\u00eblle B\u00e9al t\u00e9l: 09 80 66 11 37<\/p>\n\n\n\n<p><\/p>\n","protected":false},"excerpt":{"rendered":"<p>Deuxi\u00e8me caisse: Le nouveau logiciel nous permet en cas d\u2019affluence d\u2019ouvrir une 2\u00e8me caisse, paiement uniquement par CB. Animations&nbsp; pendant les ouvertures &#8211; Jeudi 12 et vendredi 13: le mal de dos&nbsp;: quelques explications ou rappels pour m\u00e9nager mon dos, le &nbsp;soulager quand je le maltraite. &#8211; Jeudi 19 et vendredi 20: un peu de&#8230;<\/p>\n","protected":false},"author":1,"featured_media":0,"comment_status":"open","ping_status":"open","sticky":false,"template":"","format":"standard","meta":{"footnotes":""},"categories":[22,23],"tags":[],"class_list":["post-3533","post","type-post","status-publish","format-standard","hentry","category-actualite","category-animation"],"yoast_head":"<!-- This site is optimized with the Yoast SEO plugin v18.6 - https:\/\/yoast.com\/wordpress\/plugins\/seo\/ -->\n<title>Infos Mars 2026 - Le panier de L\u00e9ontine \u00e9picerie solidaire<\/title>\n<meta name=\"description\" content=\"Infos Mars 2026 - Le panier de L\u00e9ontine \u00e9picerie solidaire\" \/>\n<meta name=\"robots\" content=\"index, follow, max-snippet:-1, max-image-preview:large, max-video-preview:-1\" \/>\n<link rel=\"canonical\" href=\"https:\/\/lepanierdeleontine.fr\/accueil\/infos-mars-2026\/\" \/>\n<meta property=\"og:locale\" content=\"fr_FR\" \/>\n<meta property=\"og:type\" content=\"article\" \/>\n<meta property=\"og:title\" content=\"Infos Mars 2026 - Le panier de L\u00e9ontine \u00e9picerie solidaire\" \/>\n<meta property=\"og:description\" content=\"Infos Mars 2026 - Le panier de L\u00e9ontine \u00e9picerie solidaire\" \/>\n<meta property=\"og:url\" content=\"https:\/\/lepanierdeleontine.fr\/accueil\/infos-mars-2026\/\" \/>\n<meta property=\"og:site_name\" content=\"Le panier de L\u00e9ontine \u00e9picerie solidaire\" \/>\n<meta property=\"article:published_time\" content=\"2026-03-06T17:35:39+00:00\" \/>\n<meta property=\"article:modified_time\" content=\"2026-03-06T17:44:34+00:00\" \/>\n<meta name=\"twitter:card\" content=\"summary\" \/>\n<meta name=\"twitter:label1\" content=\"\u00c9crit par\" \/>\n\t<meta name=\"twitter:data1\" content=\"admin\" \/>\n\t<meta name=\"twitter:label2\" content=\"Dur\u00e9e de lecture estim\u00e9e\" \/>\n\t<meta name=\"twitter:data2\" content=\"1 minute\" \/>\n<script type=\"application\/ld+json\" class=\"yoast-schema-graph\">{\"@context\":\"https:\/\/schema.org\",\"@graph\":[{\"@type\":\"WebSite\",\"@id\":\"https:\/\/lepanierdeleontine.fr\/accueil\/#website\",\"url\":\"https:\/\/lepanierdeleontine.fr\/accueil\/\",\"name\":\"Le panier de L\u00e9ontine \u00e9picerie solidaire\",\"description\":\"Epicerie sociale &amp; solidaire\",\"potentialAction\":[{\"@type\":\"SearchAction\",\"target\":{\"@type\":\"EntryPoint\",\"urlTemplate\":\"https:\/\/lepanierdeleontine.fr\/accueil\/?s={search_term_string}\"},\"query-input\":\"required name=search_term_string\"}],\"inLanguage\":\"fr-FR\"},{\"@type\":\"WebPage\",\"@id\":\"https:\/\/lepanierdeleontine.fr\/accueil\/infos-mars-2026\/#webpage\",\"url\":\"https:\/\/lepanierdeleontine.fr\/accueil\/infos-mars-2026\/\",\"name\":\"Infos Mars 2026 - Le panier de L\u00e9ontine \u00e9picerie solidaire\",\"isPartOf\":{\"@id\":\"https:\/\/lepanierdeleontine.fr\/accueil\/#website\"},\"datePublished\":\"2026-03-06T17:35:39+00:00\",\"dateModified\":\"2026-03-06T17:44:34+00:00\",\"author\":{\"@id\":\"https:\/\/lepanierdeleontine.fr\/accueil\/#\/schema\/person\/6c61305ecd5902a90472d8af750ef33c\"},\"description\":\"Infos Mars 2026 - Le panier de L\u00e9ontine \u00e9picerie solidaire\",\"breadcrumb\":{\"@id\":\"https:\/\/lepanierdeleontine.fr\/accueil\/infos-mars-2026\/#breadcrumb\"},\"inLanguage\":\"fr-FR\",\"potentialAction\":[{\"@type\":\"ReadAction\",\"target\":[\"https:\/\/lepanierdeleontine.fr\/accueil\/infos-mars-2026\/\"]}]},{\"@type\":\"BreadcrumbList\",\"@id\":\"https:\/\/lepanierdeleontine.fr\/accueil\/infos-mars-2026\/#breadcrumb\",\"itemListElement\":[{\"@type\":\"ListItem\",\"position\":1,\"name\":\"Accueil\",\"item\":\"https:\/\/lepanierdeleontine.fr\/accueil\/\"},{\"@type\":\"ListItem\",\"position\":2,\"name\":\"Infos Mars 2026\"}]},{\"@type\":\"Person\",\"@id\":\"https:\/\/lepanierdeleontine.fr\/accueil\/#\/schema\/person\/6c61305ecd5902a90472d8af750ef33c\",\"name\":\"admin\",\"image\":{\"@type\":\"ImageObject\",\"@id\":\"https:\/\/lepanierdeleontine.fr\/accueil\/#personlogo\",\"inLanguage\":\"fr-FR\",\"url\":\"https:\/\/secure.gravatar.com\/avatar\/?s=96&d=mm&r=g\",\"contentUrl\":\"https:\/\/secure.gravatar.com\/avatar\/?s=96&d=mm&r=g\",\"caption\":\"admin\"}}]}<\/script>\n<!-- \/ Yoast SEO plugin. -->","yoast_head_json":{"title":"Infos Mars 2026 - Le panier de L\u00e9ontine \u00e9picerie solidaire","description":"Infos Mars 2026 - Le panier de L\u00e9ontine \u00e9picerie solidaire","robots":{"index":"index","follow":"follow","max-snippet":"max-snippet:-1","max-image-preview":"max-image-preview:large","max-video-preview":"max-video-preview:-1"},"canonical":"https:\/\/lepanierdeleontine.fr\/accueil\/infos-mars-2026\/","og_locale":"fr_FR","og_type":"article","og_title":"Infos Mars 2026 - Le panier de L\u00e9ontine \u00e9picerie solidaire","og_description":"Infos Mars 2026 - Le panier de L\u00e9ontine \u00e9picerie solidaire","og_url":"https:\/\/lepanierdeleontine.fr\/accueil\/infos-mars-2026\/","og_site_name":"Le panier de L\u00e9ontine \u00e9picerie solidaire","article_published_time":"2026-03-06T17:35:39+00:00","article_modified_time":"2026-03-06T17:44:34+00:00","twitter_card":"summary","twitter_misc":{"\u00c9crit par":"admin","Dur\u00e9e de lecture estim\u00e9e":"1 minute"},"schema":{"@context":"https:\/\/schema.org","@graph":[{"@type":"WebSite","@id":"https:\/\/lepanierdeleontine.fr\/accueil\/#website","url":"https:\/\/lepanierdeleontine.fr\/accueil\/","name":"Le panier de L\u00e9ontine \u00e9picerie solidaire","description":"Epicerie sociale &amp; solidaire","potentialAction":[{"@type":"SearchAction","target":{"@type":"EntryPoint","urlTemplate":"https:\/\/lepanierdeleontine.fr\/accueil\/?s={search_term_string}"},"query-input":"required name=search_term_string"}],"inLanguage":"fr-FR"},{"@type":"WebPage","@id":"https:\/\/lepanierdeleontine.fr\/accueil\/infos-mars-2026\/#webpage","url":"https:\/\/lepanierdeleontine.fr\/accueil\/infos-mars-2026\/","name":"Infos Mars 2026 - Le panier de L\u00e9ontine \u00e9picerie solidaire","isPartOf":{"@id":"https:\/\/lepanierdeleontine.fr\/accueil\/#website"},"datePublished":"2026-03-06T17:35:39+00:00","dateModified":"2026-03-06T17:44:34+00:00","author":{"@id":"https:\/\/lepanierdeleontine.fr\/accueil\/#\/schema\/person\/6c61305ecd5902a90472d8af750ef33c"},"description":"Infos Mars 2026 - Le panier de L\u00e9ontine \u00e9picerie solidaire","breadcrumb":{"@id":"https:\/\/lepanierdeleontine.fr\/accueil\/infos-mars-2026\/#breadcrumb"},"inLanguage":"fr-FR","potentialAction":[{"@type":"ReadAction","target":["https:\/\/lepanierdeleontine.fr\/accueil\/infos-mars-2026\/"]}]},{"@type":"BreadcrumbList","@id":"https:\/\/lepanierdeleontine.fr\/accueil\/infos-mars-2026\/#breadcrumb","itemListElement":[{"@type":"ListItem","position":1,"name":"Accueil","item":"https:\/\/lepanierdeleontine.fr\/accueil\/"},{"@type":"ListItem","position":2,"name":"Infos Mars 2026"}]},{"@type":"Person","@id":"https:\/\/lepanierdeleontine.fr\/accueil\/#\/schema\/person\/6c61305ecd5902a90472d8af750ef33c","name":"admin","image":{"@type":"ImageObject","@id":"https:\/\/lepanierdeleontine.fr\/accueil\/#personlogo","inLanguage":"fr-FR","url":"https:\/\/secure.gravatar.com\/avatar\/?s=96&d=mm&r=g","contentUrl":"https:\/\/secure.gravatar.com\/avatar\/?s=96&d=mm&r=g","caption":"admin"}}]}},"_links":{"self":[{"href":"https:\/\/lepanierdeleontine.fr\/accueil\/wp-json\/wp\/v2\/posts\/3533","targetHints":{"allow":["GET"]}}],"collection":[{"href":"https:\/\/lepanierdeleontine.fr\/accueil\/wp-json\/wp\/v2\/posts"}],"about":[{"href":"https:\/\/lepanierdeleontine.fr\/accueil\/wp-json\/wp\/v2\/types\/post"}],"author":[{"embeddable":true,"href":"https:\/\/lepanierdeleontine.fr\/accueil\/wp-json\/wp\/v2\/users\/1"}],"replies":[{"embeddable":true,"href":"https:\/\/lepanierdeleontine.fr\/accueil\/wp-json\/wp\/v2\/comments?post=3533"}],"version-history":[{"count":2,"href":"https:\/\/lepanierdeleontine.fr\/accueil\/wp-json\/wp\/v2\/posts\/3533\/revisions"}],"predecessor-version":[{"id":3536,"href":"https:\/\/lepanierdeleontine.fr\/accueil\/wp-json\/wp\/v2\/posts\/3533\/revisions\/3536"}],"wp:attachment":[{"href":"https:\/\/lepanierdeleontine.fr\/accueil\/wp-json\/wp\/v2\/media?parent=3533"}],"wp:term":[{"taxonomy":"category","embeddable":true,"href":"https:\/\/lepanierdeleontine.fr\/accueil\/wp-json\/wp\/v2\/categories?post=3533"},{"taxonomy":"post_tag","embeddable":true,"href":"https:\/\/lepanierdeleontine.fr\/accueil\/wp-json\/wp\/v2\/tags?post=3533"}],"curies":[{"name":"wp","href":"https:\/\/api.w.org\/{rel}","templated":true}]}}